{"id":1070,"date":"2014-10-03T13:29:40","date_gmt":"2014-10-03T11:29:40","guid":{"rendered":"http:\/\/www.speich.net\/articles\/?p=1070"},"modified":"2014-10-03T13:29:40","modified_gmt":"2014-10-03T11:29:40","slug":"nikon-iso-auto-einhandig-ein-ausschalten","status":"publish","type":"post","link":"https:\/\/www.speich.net\/articles\/de\/2014\/10\/03\/nikon-iso-auto-einhandig-ein-ausschalten\/","title":{"rendered":"Nikon D800\/D810: ISO-AUTO einh\u00e4ndig ein-\/ausschalten"},"content":{"rendered":"<p>Ich liebe meine Nikon D800. Aber was mich immer mal wieder \u00e4rgert, ist dass man f\u00fcr das ein- und ausschalten von ISO-AUTO beide H\u00e4nde braucht. Beim Herumspielen mit meiner Kamera bin ich nun aber auf die folgende L\u00f6sung gestossen:<\/p>\n<ol>\n<li>Zuerst unter BENUTZERDEFINIERTES MEN\u00dc einen neuen Men\u00fcpunkt hinzuf\u00fcgen. Dieser muss unbedingt der erste Eintrag sein (zuoberst stehen).<\/li>\n<li>Unter INDIVIDUALFUNKTIONEN obigem Eintrag eine Taste zuweisen:<br \/>\nf Bedienelemente -&gt; f4 Funktionstaste -&gt; Nur Funktionstaste -&gt; 1. Punkt in benutzerdef. Men\u00fc<\/li>\n<\/ol>\n<p>Voil\u00e0!<\/p>\n","protected":false},"excerpt":{"rendered":"<p>Ich liebe meine Nikon D800. Aber was mich immer mal wieder \u00e4rgert, ist dass man f\u00fcr das ein- und ausschalten von ISO-AUTO beide H\u00e4nde braucht. Beim Herumspielen mit meiner Kamera bin ich nun aber auf die folgende L\u00f6sung gestossen: Zuerst unter BENUTZERDEFINIERTES MEN\u00dc einen neuen Men\u00fcpunkt hinzuf\u00fcgen. Dieser muss unbedingt der erste Eintrag sein (zuoberst &hellip; <\/p>\n<p class=\"link-more\"><a href=\"https:\/\/www.speich.net\/articles\/de\/2014\/10\/03\/nikon-iso-auto-einhandig-ein-ausschalten\/\" class=\"more-link\">Continue reading<span class=\"screen-reader-text\"> &#8220;Nikon D800\/D810: ISO-AUTO einh\u00e4ndig ein-\/ausschalten&#8221;<\/span><\/a><\/p>\n","protected":false},"author":1,"featured_media":0,"comment_status":"open","ping_status":"open","sticky":false,"template":"","format":"standard","meta":{"footnotes":""},"categories":[2],"tags":[63,65],"class_list":["post-1070","post","type-post","status-publish","format-standard","hentry","category-fotografie","tag-nikon-de","tag-nikon-d800-de","entry"],"_links":{"self":[{"href":"https:\/\/www.speich.net\/articles\/wp-json\/wp\/v2\/posts\/1070","targetHints":{"allow":["GET"]}}],"collection":[{"href":"https:\/\/www.speich.net\/articles\/wp-json\/wp\/v2\/posts"}],"about":[{"href":"https:\/\/www.speich.net\/articles\/wp-json\/wp\/v2\/types\/post"}],"author":[{"embeddable":true,"href":"https:\/\/www.speich.net\/articles\/wp-json\/wp\/v2\/users\/1"}],"replies":[{"embeddable":true,"href":"https:\/\/www.speich.net\/articles\/wp-json\/wp\/v2\/comments?post=1070"}],"version-history":[{"count":0,"href":"https:\/\/www.speich.net\/articles\/wp-json\/wp\/v2\/posts\/1070\/revisions"}],"wp:attachment":[{"href":"https:\/\/www.speich.net\/articles\/wp-json\/wp\/v2\/media?parent=1070"}],"wp:term":[{"taxonomy":"category","embeddable":true,"href":"https:\/\/www.speich.net\/articles\/wp-json\/wp\/v2\/categories?post=1070"},{"taxonomy":"post_tag","embeddable":true,"href":"https:\/\/www.speich.net\/articles\/wp-json\/wp\/v2\/tags?post=1070"}],"curies":[{"name":"wp","href":"https:\/\/api.w.org\/{rel}","templated":true}]}}